{"id":140,"date":"2023-05-22T10:28:20","date_gmt":"2023-05-22T10:28:20","guid":{"rendered":"https:\/\/akasyl-badiburg.de\/?p=140"},"modified":"2023-05-22T10:28:20","modified_gmt":"2023-05-22T10:28:20","slug":"infoabend-fuer-ehrenamtliche","status":"publish","type":"post","link":"https:\/\/akasyl-badiburg.de\/?p=140","title":{"rendered":"Infoabend f\u00fcr Ehrenamtliche"},"content":{"rendered":"<p><img loading=\"lazy\" decoding=\"async\" class=\"aligncenter wp-image-141 \" src=\"https:\/\/akasyl-badiburg.de\/wp-content\/uploads\/2023\/05\/Infoveranstaltung_web-1024x661.png\" alt=\"\" width=\"734\" height=\"474\" srcset=\"https:\/\/akasyl-badiburg.de\/wp-content\/uploads\/2023\/05\/Infoveranstaltung_web-1024x661.png 1024w, https:\/\/akasyl-badiburg.de\/wp-content\/uploads\/2023\/05\/Infoveranstaltung_web-300x194.png 300w, https:\/\/akasyl-badiburg.de\/wp-content\/uploads\/2023\/05\/Infoveranstaltung_web-768x496.png 768w, https:\/\/akasyl-badiburg.de\/wp-content\/uploads\/2023\/05\/Infoveranstaltung_web-1536x992.png 1536w, https:\/\/akasyl-badiburg.de\/wp-content\/uploads\/2023\/05\/Infoveranstaltung_web.png 1595w\" sizes=\"auto, (max-width: 734px) 100vw, 734px\" \/><\/p>\n<p>Der \u00d6kumenische Arbeitskreis Asyl in Bad Iburg l\u00e4dt Sie herzlich zum Informationsabend ein. \ud83e\udd1d Wenn Sie sich sozial engagieren m\u00f6chten, ist dies eine gro\u00dfartige Gelegenheit, um mehr zu erfahren!<\/p>\n<ul>\n<li><strong>Datum: Donnerstag, 22. Juni 2023<\/strong><\/li>\n<li><strong>Uhrzeit: 18:00 Uhr<\/strong><\/li>\n<li><strong>Ort: Bad Iburger Pfarrheim, Rathausstra\u00dfe 12<\/strong><\/li>\n<\/ul>\n<p>Der Arbeitskreis bietet vielf\u00e4ltige M\u00f6glichkeiten, sich entsprechend Ihrer Neigungen, F\u00e4higkeiten und M\u00f6glichkeiten in einem engagierten Team von Ehrenamtlichen zu entfalten. Eine der Hauptaktivit\u00e4ten ist die Unterst\u00fctzung bei der Integration von gefl\u00fcchteten Menschen. Wir suchen daher ehrenamtliche Helferinnen und Helfer, die Deutschkurse anbieten, vor allem f\u00fcr Frauen, um ihnen den Zugang zur deutschen Sprache zu erleichtern. Au\u00dferdem werden Unterst\u00fctzerinnen und Unterst\u00fctzer f\u00fcr Nachhilfeangebote gesucht, um gefl\u00fcchteten Sch\u00fclern beim Lernen und schulischen Herausforderungen zur Seite zu stehen.<\/p>\n<p>Auch als Dolmetscher, Pate oder bei der Organisation im Arbeitskreis selbst k\u00f6nnen Sie einen wertvollen Beitrag leisten. Des Weiteren werden helfende H\u00e4nde f\u00fcr Fahrdienste, Arztbesuche, Umzugshilfe und Transporte ben\u00f6tigt. Wenn Sie technische oder handwerkliche F\u00e4higkeiten haben, k\u00f6nnen Sie den Gefl\u00fcchteten bei der Einrichtung ihrer Wohnungen oder anderen handwerklichen Anliegen unterst\u00fctzen.<\/p>\n<p>Wir sind au\u00dferdem dringend auf der Suche nach Wohnungen, M\u00f6beln, Haushaltseinrichtungen, Spielzeug, Fahrr\u00e4dern und anderen Spenden, die den Gefl\u00fcchteten in unserer Stadt zugutekommen k\u00f6nnen. Haben Sie eine leer stehende Garage oder eine kleine Halle (ca. 30 m\u00b2), die kostenlos als Zwischenlager f\u00fcr Spenden genutzt werden k\u00f6nnte? Dann melden Sie sich gerne bei uns!<\/p>\n<p>Der \u00d6kumenische Arbeitskreis Asyl Bad Iburg engagiert sich seit \u00fcber 25 Jahren f\u00fcr die Integration von gefl\u00fcchteten Menschen. Durch unsere enge Zusammenarbeit sind bereits viele wertvolle Freundschaften entstanden, von denen beide Seiten profitieren.<\/p>\n<p>Kommen Sie vorbei und lernen Sie uns kennen! Wir freuen uns auf Sie! \ud83d\ude0a Weitere Informationen finden Sie auf unserer Website <a href=\"https:\/\/akasyl-badiburg.de\">https:\/\/akasyl-badiburg.de<\/a> Oder schreiben Sie uns eine E-Mail an: <a href=\"mailto:info@aksyl-badiburg.de\">info@aksyl-badiburg.de<\/a><\/p>\n<p>Gemeinsam k\u00f6nnen wir einen positiven Beitrag zur Integration und Unterst\u00fctzung von Gefl\u00fcchteten leisten. Helfen Sie mit und werden Sie Teil des \u00d6kumenischen Arbeitskreises Asyl Bad Iburg!<\/p>\n<p>&nbsp;<\/p>\n","protected":false},"excerpt":{"rendered":"<p>Der \u00d6kumenische Arbeitskreis Asyl in Bad Iburg l\u00e4dt Sie herzlich zum Informationsabend ein. \ud83e\udd1d Wenn Sie sich sozial engagieren m\u00f6chten, ist dies eine gro\u00dfartige Gelegenheit, um mehr zu erfahren! Datum: Donnerstag, 22. Juni 2023 Uhrzeit: 18:00 Uhr Ort: Bad Iburger Pfarrheim, Rathausstra\u00dfe 12 Der Arbeitskreis bietet vielf\u00e4ltige M\u00f6glichkeiten, sich entsprechend Ihrer Neigungen, F\u00e4higkeiten und M\u00f6glichkeiten<\/p>\n<p class=\"more-link\"><a href=\"https:\/\/akasyl-badiburg.de\/?p=140\" class=\"themebutton2\">Read More<\/a><\/p>\n","protected":false},"author":2,"featured_media":0,"comment_status":"closed","ping_status":"closed","sticky":false,"template":"","format":"standard","meta":{"footnotes":""},"categories":[1],"tags":[],"class_list":["post-140","post","type-post","status-publish","format-standard","hentry","category-uncategorized"],"_links":{"self":[{"href":"https:\/\/akasyl-badiburg.de\/index.php?rest_route=\/wp\/v2\/posts\/140","targetHints":{"allow":["GET"]}}],"collection":[{"href":"https:\/\/akasyl-badiburg.de\/index.php?rest_route=\/wp\/v2\/posts"}],"about":[{"href":"https:\/\/akasyl-badiburg.de\/index.php?rest_route=\/wp\/v2\/types\/post"}],"author":[{"embeddable":true,"href":"https:\/\/akasyl-badiburg.de\/index.php?rest_route=\/wp\/v2\/users\/2"}],"replies":[{"embeddable":true,"href":"https:\/\/akasyl-badiburg.de\/index.php?rest_route=%2Fwp%2Fv2%2Fcomments&post=140"}],"version-history":[{"count":1,"href":"https:\/\/akasyl-badiburg.de\/index.php?rest_route=\/wp\/v2\/posts\/140\/revisions"}],"predecessor-version":[{"id":142,"href":"https:\/\/akasyl-badiburg.de\/index.php?rest_route=\/wp\/v2\/posts\/140\/revisions\/142"}],"wp:attachment":[{"href":"https:\/\/akasyl-badiburg.de\/index.php?rest_route=%2Fwp%2Fv2%2Fmedia&parent=140"}],"wp:term":[{"taxonomy":"category","embeddable":true,"href":"https:\/\/akasyl-badiburg.de\/index.php?rest_route=%2Fwp%2Fv2%2Fcategories&post=140"},{"taxonomy":"post_tag","embeddable":true,"href":"https:\/\/akasyl-badiburg.de\/index.php?rest_route=%2Fwp%2Fv2%2Ftags&post=140"}],"curies":[{"name":"wp","href":"https:\/\/api.w.org\/{rel}","templated":true}]}}