{"id":173,"date":"2023-08-10T19:04:58","date_gmt":"2023-08-10T19:04:58","guid":{"rendered":"https:\/\/akasyl-badiburg.de\/?p=173"},"modified":"2023-08-10T19:11:51","modified_gmt":"2023-08-10T19:11:51","slug":"veranstaltungsempfehlung-begegnungsfest-bad-iburg-des-cafes-der-begegnung-am-20-08-2023","status":"publish","type":"post","link":"https:\/\/akasyl-badiburg.de\/?p=173","title":{"rendered":"Veranstaltungsempfehlung: Begegnungsfest Bad Iburg des Caf\u00e9s der Begegnung am 20.08.2023"},"content":{"rendered":"<h1>Begegnungsfest Bad Iburg des Caf\u00e9s der Begegnung am 20.08.2023<\/h1>\n<p><strong>Am Sonntag, den 20. August 2023, 15 bis 18 Uhr, veranstaltet das Team des Caf\u00e9 der Begegnung in den R\u00e4umen des ehemaligen Hallenbades (Kindertreff Flavour), Hagenberg 1, Bad Iburg, das Begegnungsfest Bad Iburg<\/strong>.<\/p>\n<p>Das Caf\u00e9 plant eine kulinarische Reise durch verschiedene Kulturen mit internationalen Spezialit\u00e4ten und Musik. Ein Lagerfeuer mit Stockbrot und das gemeinsame \u00a0Basteln von Herbstmasken d\u00fcrften besonders die jungen Besucher interessieren, F\u00fcr den Eintrittsgeld ist einen Obolus f\u00fcr Getr\u00e4nke und Speisen erw\u00fcscht.<\/p>\n<p>&nbsp;<\/p>\n","protected":false},"excerpt":{"rendered":"<p>Begegnungsfest Bad Iburg des Caf\u00e9s der Begegnung am 20.08.2023 Am Sonntag, den 20. August 2023, 15 bis 18 Uhr, veranstaltet das Team des Caf\u00e9 der Begegnung in den R\u00e4umen des ehemaligen Hallenbades (Kindertreff Flavour), Hagenberg 1, Bad Iburg, das Begegnungsfest Bad Iburg. Das Caf\u00e9 plant eine kulinarische Reise durch verschiedene Kulturen mit internationalen Spezialit\u00e4ten und<\/p>\n<p class=\"more-link\"><a href=\"https:\/\/akasyl-badiburg.de\/?p=173\" class=\"themebutton2\">Read More<\/a><\/p>\n","protected":false},"author":2,"featured_media":0,"comment_status":"closed","ping_status":"closed","sticky":false,"template":"","format":"standard","meta":{"footnotes":""},"categories":[1],"tags":[],"class_list":["post-173","post","type-post","status-publish","format-standard","hentry","category-uncategorized"],"_links":{"self":[{"href":"https:\/\/akasyl-badiburg.de\/index.php?rest_route=\/wp\/v2\/posts\/173","targetHints":{"allow":["GET"]}}],"collection":[{"href":"https:\/\/akasyl-badiburg.de\/index.php?rest_route=\/wp\/v2\/posts"}],"about":[{"href":"https:\/\/akasyl-badiburg.de\/index.php?rest_route=\/wp\/v2\/types\/post"}],"author":[{"embeddable":true,"href":"https:\/\/akasyl-badiburg.de\/index.php?rest_route=\/wp\/v2\/users\/2"}],"replies":[{"embeddable":true,"href":"https:\/\/akasyl-badiburg.de\/index.php?rest_route=%2Fwp%2Fv2%2Fcomments&post=173"}],"version-history":[{"count":3,"href":"https:\/\/akasyl-badiburg.de\/index.php?rest_route=\/wp\/v2\/posts\/173\/revisions"}],"predecessor-version":[{"id":176,"href":"https:\/\/akasyl-badiburg.de\/index.php?rest_route=\/wp\/v2\/posts\/173\/revisions\/176"}],"wp:attachment":[{"href":"https:\/\/akasyl-badiburg.de\/index.php?rest_route=%2Fwp%2Fv2%2Fmedia&parent=173"}],"wp:term":[{"taxonomy":"category","embeddable":true,"href":"https:\/\/akasyl-badiburg.de\/index.php?rest_route=%2Fwp%2Fv2%2Fcategories&post=173"},{"taxonomy":"post_tag","embeddable":true,"href":"https:\/\/akasyl-badiburg.de\/index.php?rest_route=%2Fwp%2Fv2%2Ftags&post=173"}],"curies":[{"name":"wp","href":"https:\/\/api.w.org\/{rel}","templated":true}]}}