{"id":202,"date":"2023-12-16T21:17:35","date_gmt":"2023-12-16T21:17:35","guid":{"rendered":"https:\/\/akasyl-badiburg.de\/?p=202"},"modified":"2023-12-16T21:17:35","modified_gmt":"2023-12-16T21:17:35","slug":"ein-paket-fuer-dich-2","status":"publish","type":"post","link":"https:\/\/akasyl-badiburg.de\/?p=202","title":{"rendered":"Ein Paket f\u00fcr Dich"},"content":{"rendered":"<div dir=\"auto\"><img loading=\"lazy\" decoding=\"async\" class=\"size-medium wp-image-203 alignleft\" src=\"https:\/\/akasyl-badiburg.de\/wp-content\/uploads\/2023\/12\/IMG_20231216_150214-300x225.jpg\" alt=\"\" width=\"300\" height=\"225\" srcset=\"https:\/\/akasyl-badiburg.de\/wp-content\/uploads\/2023\/12\/IMG_20231216_150214-300x225.jpg 300w, https:\/\/akasyl-badiburg.de\/wp-content\/uploads\/2023\/12\/IMG_20231216_150214-1024x766.jpg 1024w, https:\/\/akasyl-badiburg.de\/wp-content\/uploads\/2023\/12\/IMG_20231216_150214-768x575.jpg 768w, https:\/\/akasyl-badiburg.de\/wp-content\/uploads\/2023\/12\/IMG_20231216_150214-380x285.jpg 380w, https:\/\/akasyl-badiburg.de\/wp-content\/uploads\/2023\/12\/IMG_20231216_150214-285x214.jpg 285w, https:\/\/akasyl-badiburg.de\/wp-content\/uploads\/2023\/12\/IMG_20231216_150214.jpg 1200w\" sizes=\"auto, (max-width: 300px) 100vw, 300px\" \/><\/div>\n<div dir=\"auto\"><span class=\"x3nfvp2 x1j61x8r x1fcty0u xdj266r xhhsvwb xat24cr xgzva0m xxymvpz xlup9mm x1kky2od\"><img loading=\"lazy\" decoding=\"async\" class=\"xz74otr\" src=\"https:\/\/static.xx.fbcdn.net\/images\/emoji.php\/v9\/t84\/1\/16\/1f381.png\" alt=\"\ud83c\udf81\" width=\"16\" height=\"16\" \/><\/span> Aktion &#8222;Ein Paket f\u00fcr Dich!&#8220; <span class=\"x3nfvp2 x1j61x8r x1fcty0u xdj266r xhhsvwb xat24cr xgzva0m xxymvpz xlup9mm x1kky2od\"><img loading=\"lazy\" decoding=\"async\" class=\"xz74otr\" src=\"https:\/\/static.xx.fbcdn.net\/images\/emoji.php\/v9\/t84\/1\/16\/1f381.png\" alt=\"\ud83c\udf81\" width=\"16\" height=\"16\" \/><\/span><img loading=\"lazy\" decoding=\"async\" class=\"size-medium wp-image-204 alignright\" src=\"https:\/\/akasyl-badiburg.de\/wp-content\/uploads\/2023\/12\/IMG_20231216_154341-300x225.jpg\" alt=\"\" width=\"300\" height=\"225\" srcset=\"https:\/\/akasyl-badiburg.de\/wp-content\/uploads\/2023\/12\/IMG_20231216_154341-300x225.jpg 300w, https:\/\/akasyl-badiburg.de\/wp-content\/uploads\/2023\/12\/IMG_20231216_154341-1024x766.jpg 1024w, https:\/\/akasyl-badiburg.de\/wp-content\/uploads\/2023\/12\/IMG_20231216_154341-768x575.jpg 768w, https:\/\/akasyl-badiburg.de\/wp-content\/uploads\/2023\/12\/IMG_20231216_154341-380x285.jpg 380w, https:\/\/akasyl-badiburg.de\/wp-content\/uploads\/2023\/12\/IMG_20231216_154341-285x214.jpg 285w, https:\/\/akasyl-badiburg.de\/wp-content\/uploads\/2023\/12\/IMG_20231216_154341.jpg 1200w\" sizes=\"auto, (max-width: 300px) 100vw, 300px\" \/><\/div>\n<div dir=\"auto\">Nach der Unterbrechung in den Vorjahren ist die gemeinsame, soziale Aktion &#8222;Ein Paket f\u00fcr Dich!&#8220; von dem Sozialen Kleiderladen, dem Flavour, dem \u00d6kumenischen Arbeitskreis Asyl Bad Iburg und der Pfarreiengemeinschaft Bad Iburg dieses Jahr wieder ein gro\u00dfer Erfolg geworden. Rund 250 Geschenke k\u00f6nnen rechtzeitig zu Weihnachten an gl\u00fcckliche Empf\u00e4nger \u00fcberreicht werden.<\/div>\n<div dir=\"auto\">Ein herzlicher Dank geht an all die gro\u00dfz\u00fcgigen Spender, die diese Aktion erst m\u00f6glich gemacht haben.<\/div>\n<div dir=\"auto\">Ein weiterer Dank gilt dem Nikolaus Hubertus T\u00f6niges, der mit seinem gro\u00dfartigen, \u00fcberzeugenden Auftritt gerade bei den Kindern einen bleibenden Eindruck hinterlassen hat.<\/div>\n<div dir=\"auto\">Ein besonderes Lob geb\u00fchrt den flei\u00dfigen Ehrenamtlichen, die mit ihrem Einsatz die Vorrausetzung geschaffen haben, dass in Bad Iburg so vielen Menschen eine Freude bereitet werden kann.<\/div>\n","protected":false},"excerpt":{"rendered":"<p>Aktion &#8222;Ein Paket f\u00fcr Dich!&#8220; Nach der Unterbrechung in den Vorjahren ist die gemeinsame, soziale Aktion &#8222;Ein Paket f\u00fcr Dich!&#8220; von dem Sozialen Kleiderladen, dem Flavour, dem \u00d6kumenischen Arbeitskreis Asyl Bad Iburg und der Pfarreiengemeinschaft Bad Iburg dieses Jahr wieder ein gro\u00dfer Erfolg geworden. Rund 250 Geschenke k\u00f6nnen rechtzeitig zu Weihnachten an gl\u00fcckliche Empf\u00e4nger \u00fcberreicht<\/p>\n<p class=\"more-link\"><a href=\"https:\/\/akasyl-badiburg.de\/?p=202\" class=\"themebutton2\">Read More<\/a><\/p>\n","protected":false},"author":2,"featured_media":0,"comment_status":"closed","ping_status":"closed","sticky":false,"template":"","format":"standard","meta":{"footnotes":""},"categories":[1],"tags":[],"class_list":["post-202","post","type-post","status-publish","format-standard","hentry","category-uncategorized"],"_links":{"self":[{"href":"https:\/\/akasyl-badiburg.de\/index.php?rest_route=\/wp\/v2\/posts\/202","targetHints":{"allow":["GET"]}}],"collection":[{"href":"https:\/\/akasyl-badiburg.de\/index.php?rest_route=\/wp\/v2\/posts"}],"about":[{"href":"https:\/\/akasyl-badiburg.de\/index.php?rest_route=\/wp\/v2\/types\/post"}],"author":[{"embeddable":true,"href":"https:\/\/akasyl-badiburg.de\/index.php?rest_route=\/wp\/v2\/users\/2"}],"replies":[{"embeddable":true,"href":"https:\/\/akasyl-badiburg.de\/index.php?rest_route=%2Fwp%2Fv2%2Fcomments&post=202"}],"version-history":[{"count":1,"href":"https:\/\/akasyl-badiburg.de\/index.php?rest_route=\/wp\/v2\/posts\/202\/revisions"}],"predecessor-version":[{"id":205,"href":"https:\/\/akasyl-badiburg.de\/index.php?rest_route=\/wp\/v2\/posts\/202\/revisions\/205"}],"wp:attachment":[{"href":"https:\/\/akasyl-badiburg.de\/index.php?rest_route=%2Fwp%2Fv2%2Fmedia&parent=202"}],"wp:term":[{"taxonomy":"category","embeddable":true,"href":"https:\/\/akasyl-badiburg.de\/index.php?rest_route=%2Fwp%2Fv2%2Fcategories&post=202"},{"taxonomy":"post_tag","embeddable":true,"href":"https:\/\/akasyl-badiburg.de\/index.php?rest_route=%2Fwp%2Fv2%2Ftags&post=202"}],"curies":[{"name":"wp","href":"https:\/\/api.w.org\/{rel}","templated":true}]}}